{"id":11585,"date":"2026-04-27T10:43:45","date_gmt":"2026-04-27T13:43:45","guid":{"rendered":"https:\/\/www.cirurgiaplastica.org.br\/?p=11585"},"modified":"2026-04-27T11:41:32","modified_gmt":"2026-04-27T14:41:32","slug":"sucesso-na-41a-jornada-sul-brasileira-de-cirurgia-plastica","status":"publish","type":"post","link":"https:\/\/www.cirurgiaplastica.org.br\/en\/sucesso-na-41a-jornada-sul-brasileira-de-cirurgia-plastica\/","title":{"rendered":"Sucesso na 41\u00aa Jornada Sul-Brasileira de Cirurgia Pl\u00e1stica"},"content":{"rendered":"<div id=\"fws_69f75621bbeda\"  data-column-margin=\"default\" data-midnight=\"dark\"  class=\"wpb_row vc_row-fluid vc_row\"  style=\"padding-top: 0px; padding-bottom: 0px; \"><div class=\"row-bg-wrap\" data-bg-animation=\"none\" data-bg-animation-delay=\"\" data-bg-overlay=\"false\"><div class=\"inner-wrap row-bg-layer\" ><div class=\"row-bg viewport-desktop\"  style=\"\"><\/div><\/div><\/div><div class=\"row_col_wrap_12 col span_12 dark left\">\n\t<div  class=\"vc_col-sm-12 wpb_column column_container vc_column_container col no-extra-padding inherit_tablet inherit_phone\"  data-padding-pos=\"all\" data-has-bg-color=\"false\" data-bg-color=\"\" data-bg-opacity=\"1\" data-animation=\"\" data-delay=\"0\" >\n\t\t<div class=\"vc_column-inner\" >\n\t\t\t<div class=\"wpb_wrapper\">\n\t\t\t\t<div class=\"img-with-aniamtion-wrap\" data-max-width=\"100%\" data-max-width-mobile=\"default\" data-shadow=\"none\" data-animation=\"none\" >\n      <div class=\"inner\">\n        <div class=\"hover-wrap\"> \n          <div class=\"hover-wrap-inner\">\n            <img loading=\"lazy\" decoding=\"async\" class=\"img-with-animation skip-lazy\" data-delay=\"0\" height=\"1702\" width=\"2560\" data-animation=\"none\" src=\"https:\/\/www.cirurgiaplastica.org.br\/wp-content\/uploads\/2026\/04\/v2_10ed1eb6-0ec5-42dc-927d-bf4144e5b53e-scaled.jpg\" alt=\"\" srcset=\"https:\/\/www.cirurgiaplastica.org.br\/wp-content\/uploads\/2026\/04\/v2_10ed1eb6-0ec5-42dc-927d-bf4144e5b53e-scaled.jpg 2560w, https:\/\/www.cirurgiaplastica.org.br\/wp-content\/uploads\/2026\/04\/v2_10ed1eb6-0ec5-42dc-927d-bf4144e5b53e-300x199.jpg 300w, https:\/\/www.cirurgiaplastica.org.br\/wp-content\/uploads\/2026\/04\/v2_10ed1eb6-0ec5-42dc-927d-bf4144e5b53e-1024x681.jpg 1024w, https:\/\/www.cirurgiaplastica.org.br\/wp-content\/uploads\/2026\/04\/v2_10ed1eb6-0ec5-42dc-927d-bf4144e5b53e-768x511.jpg 768w, https:\/\/www.cirurgiaplastica.org.br\/wp-content\/uploads\/2026\/04\/v2_10ed1eb6-0ec5-42dc-927d-bf4144e5b53e-1536x1021.jpg 1536w, https:\/\/www.cirurgiaplastica.org.br\/wp-content\/uploads\/2026\/04\/v2_10ed1eb6-0ec5-42dc-927d-bf4144e5b53e-2048x1362.jpg 2048w, https:\/\/www.cirurgiaplastica.org.br\/wp-content\/uploads\/2026\/04\/v2_10ed1eb6-0ec5-42dc-927d-bf4144e5b53e-18x12.jpg 18w\" sizes=\"auto, (max-width: 2560px) 100vw, 2560px\" \/>\n          <\/div>\n        <\/div>\n      <\/div>\n    <\/div>\n<div class=\"wpb_text_column wpb_content_element\" >\n\t<div class=\"wpb_wrapper\">\n\t\t<h3><span style=\"color: #205d91;\"><strong>Foram dias de intenso aprendizado, troca de experi\u00eancias e fortalecimento da especialidade.<\/strong><\/span><\/h3>\n<p>Agradecemos a todos que estiveram presentes na 41\u00aa Jornada Sul-Brasileira de Cirurgia Pl\u00e1stica.<\/p>\n<p>Com o recorde de 350 inscritos, a Jornada foi um espa\u00e7o de conex\u00e3o entre colegas da especialidade. Um momento de troca, integra\u00e7\u00e3o e fortalecimento da cirurgia pl\u00e1stica.<\/p>\n<p>Confira as imagens do evento no site restrito aos membros da SBCP.<\/p>\n\t<\/div>\n<\/div>\n\n\n\n<div class=\"divider-wrap\" data-alignment=\"default\"><div style=\"height: 30px;\" class=\"divider\"><\/div><\/div><a class=\"nectar-button large regular accent-color  regular-button\"  role=\"button\" style=\"\"  href=\"https:\/\/restrito.cirurgiaplastica.org.br\/\" data-color-override=\"false\" data-hover-color-override=\"false\" data-hover-text-color-override=\"#fff\"><span>ACESSAR SITE RESTRITO<\/span><\/a>\n\t\t\t<\/div> \n\t\t<\/div>\n\t<\/div> \n<\/div><\/div>","protected":false},"excerpt":{"rendered":"Foram dias de intenso aprendizado, troca de experi\u00eancias e fortalecimento da especialidade. Agradecemos a todos que estiveram presentes na 41\u00aa Jornada Sul-Brasileira de Cirurgia Pl\u00e1stica. Com o recorde de 350...","protected":false},"author":1,"featured_media":11586,"comment_status":"closed","ping_status":"closed","sticky":false,"template":"","format":"standard","meta":{"footnotes":""},"categories":[8],"tags":[],"class_list":{"0":"post-11585","1":"post","2":"type-post","3":"status-publish","4":"format-standard","5":"has-post-thumbnail","7":"category-noticias"},"_links":{"self":[{"href":"https:\/\/www.cirurgiaplastica.org.br\/en\/wp-json\/wp\/v2\/posts\/11585","targetHints":{"allow":["GET"]}}],"collection":[{"href":"https:\/\/www.cirurgiaplastica.org.br\/en\/wp-json\/wp\/v2\/posts"}],"about":[{"href":"https:\/\/www.cirurgiaplastica.org.br\/en\/wp-json\/wp\/v2\/types\/post"}],"author":[{"embeddable":true,"href":"https:\/\/www.cirurgiaplastica.org.br\/en\/wp-json\/wp\/v2\/users\/1"}],"replies":[{"embeddable":true,"href":"https:\/\/www.cirurgiaplastica.org.br\/en\/wp-json\/wp\/v2\/comments?post=11585"}],"version-history":[{"count":3,"href":"https:\/\/www.cirurgiaplastica.org.br\/en\/wp-json\/wp\/v2\/posts\/11585\/revisions"}],"predecessor-version":[{"id":11594,"href":"https:\/\/www.cirurgiaplastica.org.br\/en\/wp-json\/wp\/v2\/posts\/11585\/revisions\/11594"}],"wp:featuredmedia":[{"embeddable":true,"href":"https:\/\/www.cirurgiaplastica.org.br\/en\/wp-json\/wp\/v2\/media\/11586"}],"wp:attachment":[{"href":"https:\/\/www.cirurgiaplastica.org.br\/en\/wp-json\/wp\/v2\/media?parent=11585"}],"wp:term":[{"taxonomy":"category","embeddable":true,"href":"https:\/\/www.cirurgiaplastica.org.br\/en\/wp-json\/wp\/v2\/categories?post=11585"},{"taxonomy":"post_tag","embeddable":true,"href":"https:\/\/www.cirurgiaplastica.org.br\/en\/wp-json\/wp\/v2\/tags?post=11585"}],"curies":[{"name":"wp","href":"https:\/\/api.w.org\/{rel}","templated":true}]}}